{"id":1200,"date":"2024-07-03T12:26:14","date_gmt":"2024-07-03T17:26:14","guid":{"rendered":"https:\/\/www.munirecuay.gob.pe\/?p=1200"},"modified":"2024-07-09T10:26:29","modified_gmt":"2024-07-09T15:26:29","slug":"el-centro-de-salud-mental-comunitario-abre-sus-puertas","status":"publish","type":"post","link":"https:\/\/www.munirecuay.gob.pe\/main\/el-centro-de-salud-mental-comunitario-abre-sus-puertas\/","title":{"rendered":"\u00a1EL CENTRO DE SALUD MENTAL COMUNITARIO ABRE SUS PUERTAS!"},"content":{"rendered":"<p>[et_pb_section fb_built=\u00bb1&#8243; _builder_version=\u00bb4.18.0&#8243; _module_preset=\u00bbdefault\u00bb width=\u00bb200%\u00bb max_width=\u00bb100%\u00bb custom_margin=\u00bb-53px||||false|false\u00bb global_colors_info=\u00bb{}\u00bb][et_pb_row _builder_version=\u00bb4.18.0&#8243; _module_preset=\u00bbdefault\u00bb global_colors_info=\u00bb{}\u00bb][et_pb_column type=\u00bb4_4&#8243; _builder_version=\u00bb4.18.0&#8243; _module_preset=\u00bbdefault\u00bb global_colors_info=\u00bb{}\u00bb][et_pb_text _builder_version=\u00bb4.18.0&#8243; _module_preset=\u00bbdefault\u00bb text_font=\u00bbRoboto Condensed|700|||||||\u00bb text_font_size=\u00bb21px\u00bb text_orientation=\u00bbcenter\u00bb custom_margin=\u00bb0px||||false|false\u00bb global_colors_info=\u00bb{}\u00bb]<\/p>\n<div dir=\"auto\" style=\"text-align: center;\">\u00a1SE LOGR\u00d3!<\/div>\n<div dir=\"auto\">CENTRO DE SALUD MENTAL COMUNITARIO BENEFICIAR\u00c1 A M\u00c1S DE 54 MIL PERSONAS EN LA PROVINCIA DE RECUAY Y ALREDEDORES<\/div>\n<p>[\/et_pb_text][\/et_pb_column][\/et_pb_row][et_pb_row column_structure=\u00bb1_2,1_2&#8243; _builder_version=\u00bb4.18.0&#8243; _module_preset=\u00bbdefault\u00bb global_colors_info=\u00bb{}\u00bb][et_pb_column type=\u00bb1_2&#8243; _builder_version=\u00bb4.18.0&#8243; _module_preset=\u00bbdefault\u00bb global_colors_info=\u00bb{}\u00bb][et_pb_image src=\u00bbhttps:\/\/www.munirecuay.gob.pe\/wp-content\/uploads\/2024\/07\/449688533_882917073870689_5365527358739102530_n.webp\u00bb title_text=\u00bb449688533_882917073870689_5365527358739102530_n\u00bb _builder_version=\u00bb4.18.0&#8243; _module_preset=\u00bbdefault\u00bb height=\u00bb328px\u00bb global_colors_info=\u00bb{}\u00bb][\/et_pb_image][\/et_pb_column][et_pb_column type=\u00bb1_2&#8243; _builder_version=\u00bb4.18.0&#8243; _module_preset=\u00bbdefault\u00bb global_colors_info=\u00bb{}\u00bb][et_pb_image src=\u00bbhttps:\/\/www.munirecuay.gob.pe\/wp-content\/uploads\/2024\/07\/449773819_882917160537347_4155288050404354881_n.webp\u00bb title_text=\u00bb449773819_882917160537347_4155288050404354881_n\u00bb _builder_version=\u00bb4.18.0&#8243; _module_preset=\u00bbdefault\u00bb global_colors_info=\u00bb{}\u00bb][\/et_pb_image][\/et_pb_column][\/et_pb_row][\/et_pb_section][et_pb_section fb_built=\u00bb1&#8243; _builder_version=\u00bb4.18.0&#8243; _module_preset=\u00bbdefault\u00bb global_colors_info=\u00bb{}\u00bb][et_pb_row _builder_version=\u00bb4.18.0&#8243; _module_preset=\u00bbdefault\u00bb global_colors_info=\u00bb{}\u00bb][et_pb_column type=\u00bb4_4&#8243; _builder_version=\u00bb4.18.0&#8243; _module_preset=\u00bbdefault\u00bb global_colors_info=\u00bb{}\u00bb][et_pb_text _builder_version=\u00bb4.18.0&#8243; _module_preset=\u00bbdefault\u00bb text_font=\u00bbRoboto||||||||\u00bb text_text_color=\u00bb#000000&#8243; text_orientation=\u00bbjustified\u00bb global_colors_info=\u00bb{}\u00bb]<\/p>\n<div class=\"x11i5rnm xat24cr x1mh8g0r x1vvkbs xtlvy1s x126k92a\">\n<div dir=\"auto\">La regi\u00f3n \u00c1ncash cuenta con el d\u00e9cimo Centro de Salud Mental Comunitario, inaugurado por el Gobierno Regional de \u00c1ncash y la Direcci\u00f3n Regional de Salud, que beneficiar\u00e1 a 54 mil 89 habitantes del corrector de Recuay de la jurisdicci\u00f3n de la Red de Salud Huaylas Sur.<\/div>\n<\/div>\n<div class=\"x11i5rnm xat24cr x1mh8g0r x1vvkbs xtlvy1s x126k92a\">\n<div dir=\"auto\">La ceremonia estuvo liderada por la Vice Gobernadora, Angelly Epifan\u00eda Ch\u00e1vez; quien mencion\u00f3 que el objetivo de la implementaci\u00f3n del nuevo (CSM) tiene por objetivo contribuir a mejorar la salud mental y la calidad de vida de la poblaci\u00f3n y en particular de las personas con trastornos mentales y problemas psicosociales, sus familias y su comunidad, facilit\u00e1ndoles el acceso a los servicios de salud y a las acciones sanitarias de salud mental.<\/div>\n<\/div>\n<div class=\"x11i5rnm xat24cr x1mh8g0r x1vvkbs xtlvy1s x126k92a\">\n<div dir=\"auto\">Seguidamente, el titular del sector salud, Dr. Erick de la Torre Bejarano; indic\u00f3 que los ambientes del Centro de Salud Mental Comunitario de Recuay, cuenta con 24 ambientes diferenciados para brindar atenci\u00f3n de calidad a los usuarios, \u00e1rea de ni\u00f1os y adolescentes, \u00e1rea de adulto y adulto mayor, \u00e1rea de adicciones, participaci\u00f3n social y comunitaria, farmacia, sala de espera, auditorio, admisi\u00f3n, estad\u00edstica y dem\u00e1s ambientes conforme lo indica la norma t\u00e9cnica del Ministerio de Salud.<\/div>\n<\/div>\n<div class=\"x11i5rnm xat24cr x1mh8g0r x1vvkbs xtlvy1s x126k92a\">\n<div dir=\"auto\">Es importante mencionar que a la fecha se cuenta con 27 trabajadores de los cuales 08 psic\u00f3logos, 06 enfermeros, 01 terapeuta de lenguaje, 01 trabajadora social, 01 qu\u00edmico farmac\u00e9utico, 01 t\u00e9cnico en farmacia, 02 t\u00e9cnicos en enfermer\u00eda, 02 t\u00e9cnicos administrativos, 02 servicios generales y 03 vigilantes; que brindar\u00e1n atenci\u00f3n permanente a los usuarios con trastornos mentales y problemas psicosociales durante las 12 horas del d\u00eda de lunes a s\u00e1bado.<\/div>\n<\/div>\n<div class=\"x11i5rnm xat24cr x1mh8g0r x1vvkbs xtlvy1s x126k92a\">\n<div dir=\"auto\">El evento tuvo lugar con la participaci\u00f3n de las autoriades, tales como el consejero por la provincia de Recuay, Yover Montoya Castillo; consejera de Corongo, Roc\u00edo Cochachin Arias; acalde de la Provincia de Recuay, Lic. Harold Ram\u00edrez Trejo; director de la Red de Salud Huaylas Sur, CD. Hern\u00e1n Villacaqui Rojas; jefa de la oficina Defensorial de \u00c1ncash, Mg. Soledad Rodr\u00edguez Loli y la coordinadora regional de Salud Mental, Lic. Ewy Ardiles Aguilar.<\/div>\n<\/div>\n<p>[\/et_pb_text][\/et_pb_column][\/et_pb_row][\/et_pb_section]<\/p>\n","protected":false},"excerpt":{"rendered":"<p>\u00a1SE LOGR\u00d3! CENTRO DE SALUD MENTAL COMUNITARIO BENEFICIAR\u00c1 A M\u00c1S DE 54 MIL PERSONAS EN LA PROVINCIA DE RECUAY Y ALREDEDORES La regi\u00f3n \u00c1ncash cuenta con el d\u00e9cimo Centro de Salud Mental Comunitario, inaugurado por el Gobierno Regional de \u00c1ncash y la Direcci\u00f3n Regional de Salud, que beneficiar\u00e1 a 54 mil 89 habitantes del corrector [&hellip;]<\/p>\n","protected":false},"author":1,"featured_media":1202,"comment_status":"closed","ping_status":"open","sticky":false,"template":"","format":"standard","meta":{"_et_pb_use_builder":"on","_et_pb_old_content":"","_et_gb_content_width":"960","footnotes":""},"categories":[3],"tags":[],"class_list":["post-1200","post","type-post","status-publish","format-standard","has-post-thumbnail","hentry","category-noticias"],"_links":{"self":[{"href":"https:\/\/www.munirecuay.gob.pe\/main\/wp-json\/wp\/v2\/posts\/1200","targetHints":{"allow":["GET"]}}],"collection":[{"href":"https:\/\/www.munirecuay.gob.pe\/main\/wp-json\/wp\/v2\/posts"}],"about":[{"href":"https:\/\/www.munirecuay.gob.pe\/main\/wp-json\/wp\/v2\/types\/post"}],"author":[{"embeddable":true,"href":"https:\/\/www.munirecuay.gob.pe\/main\/wp-json\/wp\/v2\/users\/1"}],"replies":[{"embeddable":true,"href":"https:\/\/www.munirecuay.gob.pe\/main\/wp-json\/wp\/v2\/comments?post=1200"}],"version-history":[{"count":5,"href":"https:\/\/www.munirecuay.gob.pe\/main\/wp-json\/wp\/v2\/posts\/1200\/revisions"}],"predecessor-version":[{"id":1326,"href":"https:\/\/www.munirecuay.gob.pe\/main\/wp-json\/wp\/v2\/posts\/1200\/revisions\/1326"}],"wp:featuredmedia":[{"embeddable":true,"href":"https:\/\/www.munirecuay.gob.pe\/main\/wp-json\/wp\/v2\/media\/1202"}],"wp:attachment":[{"href":"https:\/\/www.munirecuay.gob.pe\/main\/wp-json\/wp\/v2\/media?parent=1200"}],"wp:term":[{"taxonomy":"category","embeddable":true,"href":"https:\/\/www.munirecuay.gob.pe\/main\/wp-json\/wp\/v2\/categories?post=1200"},{"taxonomy":"post_tag","embeddable":true,"href":"https:\/\/www.munirecuay.gob.pe\/main\/wp-json\/wp\/v2\/tags?post=1200"}],"curies":[{"name":"wp","href":"https:\/\/api.w.org\/{rel}","templated":true}]}}