{"id":156,"date":"2023-03-15T11:57:00","date_gmt":"2023-03-15T16:57:00","guid":{"rendered":"http:\/\/munirecuay.gob.pe\/?p=156"},"modified":"2023-04-04T12:10:38","modified_gmt":"2023-04-04T17:10:38","slug":"toma-de-acciones-para-mitigar-las-precipitaciones-pluviales-intensas","status":"publish","type":"post","link":"https:\/\/www.munirecuay.gob.pe\/main\/toma-de-acciones-para-mitigar-las-precipitaciones-pluviales-intensas\/","title":{"rendered":"Toma de acciones para mitigar las precipitaciones pluviales intensas"},"content":{"rendered":"\n<p>DEFENSA CIVIL, TAREA DE TODOS<br>El LIC. HAROLD RAMIREZ TREJO Alcalde de la Municipalidad Provincial de Recuay y presidente de la Plataforma de Defensa Civil, junto a los funcionarios de la municipalidad vienen tomando acciones inmediatas para mitigar las consecuencias de las precipitaciones pluviales intensas que vienen azotando nuestra provincia, se est\u00e1n tomando acciones urgentes y necesarias en los puntos mas cr\u00edticos de la jurisdicci\u00f3n de Recuay, como las disposici\u00f3n inmediata del traslado de nuestras maquinarias que est\u00e1n en condiciones, as\u00ed mismo se a alquilado maquinaria pesada para realizar el encause del rio santa, se a contratado personal para realizar trabajos preventivos en toda nuestra jurisdicci\u00f3n, tambi\u00e9n venimos gestionando al gobierno regional apoyo para atender las necesidades m\u00faltiples en estas situaciones.<br>tambi\u00e9n se a realizado el monitoreo de los distritos de nuestra provincia, considerando la mas critica en el valle del fortaleza, donde ya se envi\u00f3 maquinaria pesada para sumarnos a los denodados esfuerzos para encausar el rio fortaleza, estamos trabajando en coordinaci\u00f3n con las autoridades y poblaci\u00f3n en general.<br>A la vez informarle a nuestra poblaci\u00f3n que se esta cautelando la obra del boulevard y que hasta el momento se mantiene a buen recaudo y no hay ninguna afectaci\u00f3n a causa del incremento del rio, tambi\u00e9n se a previsto realizar el enrocado de las zonas mas vulnerables de este proyecto.<br>Estamos trabajando y poniendo todos nuestros esfuerzos para salir de estos momentos dif\u00edciles que esta atravesando nuestra provincia de Recuay. No estamos solos, somos una sola fuerza.<\/p>\n\n\n\n<figure class=\"wp-block-gallery has-nested-images columns-default is-cropped wp-block-gallery-1 is-layout-flex wp-block-gallery-is-layout-flex\">\n<figure class=\"wp-block-image size-large\"><img loading=\"lazy\" decoding=\"async\" width=\"1024\" height=\"620\"  data-id=\"157\" src=\"http:\/\/munirecuay.gob.pe\/wp-content\/uploads\/2023\/04\/2023_03_15_mitigacion_lluvias9-1024x620.jpg\" alt=\"\" class=\"wp-image-157\" srcset=\"http:\/\/munirecuay.gob.pe\/wp-content\/uploads\/2023\/04\/2023_03_15_mitigacion_lluvias9-980x593.jpg 980w, http:\/\/munirecuay.gob.pe\/wp-content\/uploads\/2023\/04\/2023_03_15_mitigacion_lluvias9-480x291.jpg 480w\" sizes=\"auto, (max-width: 823px) 100vw, 823px\" \/><\/figure>\n\n\n\n<figure class=\"wp-block-image size-large\"><img loading=\"lazy\" decoding=\"async\" width=\"1024\" height=\"620\"  data-id=\"161\" src=\"http:\/\/munirecuay.gob.pe\/wp-content\/uploads\/2023\/04\/2023_03_15_mitigacion_lluvias8-1024x620.jpg\" alt=\"\" class=\"wp-image-161\" srcset=\"http:\/\/munirecuay.gob.pe\/wp-content\/uploads\/2023\/04\/2023_03_15_mitigacion_lluvias8-980x593.jpg 980w, http:\/\/munirecuay.gob.pe\/wp-content\/uploads\/2023\/04\/2023_03_15_mitigacion_lluvias8-480x291.jpg 480w\" sizes=\"auto, (max-width: 823px) 100vw, 823px\" \/><\/figure>\n\n\n\n<figure class=\"wp-block-image size-large\"><img loading=\"lazy\" decoding=\"async\" width=\"1024\" height=\"620\"  data-id=\"159\" src=\"http:\/\/munirecuay.gob.pe\/wp-content\/uploads\/2023\/04\/2023_03_15_mitigacion_lluvias7-1024x620.jpg\" alt=\"\" class=\"wp-image-159\" srcset=\"http:\/\/munirecuay.gob.pe\/wp-content\/uploads\/2023\/04\/2023_03_15_mitigacion_lluvias7-980x593.jpg 980w, http:\/\/munirecuay.gob.pe\/wp-content\/uploads\/2023\/04\/2023_03_15_mitigacion_lluvias7-480x291.jpg 480w\" sizes=\"auto, (max-width: 823px) 100vw, 823px\" \/><\/figure>\n\n\n\n<figure class=\"wp-block-image size-large\"><img loading=\"lazy\" decoding=\"async\" width=\"1024\" height=\"620\"  data-id=\"158\" src=\"http:\/\/munirecuay.gob.pe\/wp-content\/uploads\/2023\/04\/2023_03_15_mitigacion_lluvias6-1024x620.jpg\" alt=\"\" class=\"wp-image-158\" srcset=\"http:\/\/munirecuay.gob.pe\/wp-content\/uploads\/2023\/04\/2023_03_15_mitigacion_lluvias6-980x593.jpg 980w, http:\/\/munirecuay.gob.pe\/wp-content\/uploads\/2023\/04\/2023_03_15_mitigacion_lluvias6-480x291.jpg 480w\" sizes=\"auto, (max-width: 823px) 100vw, 823px\" \/><\/figure>\n\n\n\n<figure class=\"wp-block-image size-large\"><img loading=\"lazy\" decoding=\"async\" width=\"1024\" height=\"620\"  data-id=\"160\" src=\"http:\/\/munirecuay.gob.pe\/wp-content\/uploads\/2023\/04\/2023_03_15_mitigacion_lluvias5-1024x620.jpg\" alt=\"\" class=\"wp-image-160\" srcset=\"http:\/\/munirecuay.gob.pe\/wp-content\/uploads\/2023\/04\/2023_03_15_mitigacion_lluvias5-980x593.jpg 980w, http:\/\/munirecuay.gob.pe\/wp-content\/uploads\/2023\/04\/2023_03_15_mitigacion_lluvias5-480x291.jpg 480w\" sizes=\"auto, (max-width: 823px) 100vw, 823px\" \/><\/figure>\n\n\n\n<figure class=\"wp-block-image size-large\"><img loading=\"lazy\" decoding=\"async\" width=\"844\" height=\"973\"  data-id=\"162\" src=\"http:\/\/munirecuay.gob.pe\/wp-content\/uploads\/2023\/04\/2023_03_15_mitigacion_lluvias4.jpg\" alt=\"\" class=\"wp-image-162\" srcset=\"http:\/\/munirecuay.gob.pe\/wp-content\/uploads\/2023\/04\/2023_03_15_mitigacion_lluvias4.jpg 844w, http:\/\/munirecuay.gob.pe\/wp-content\/uploads\/2023\/04\/2023_03_15_mitigacion_lluvias4-480x553.jpg 480w\" sizes=\"auto, (max-width: 823px) 100vw, 823px\" \/><\/figure>\n\n\n\n<figure class=\"wp-block-image size-large\"><img loading=\"lazy\" decoding=\"async\" width=\"1024\" height=\"620\"  data-id=\"163\" src=\"http:\/\/munirecuay.gob.pe\/wp-content\/uploads\/2023\/04\/2023_03_15_mitigacion_lluvias3-1024x620.jpg\" alt=\"\" class=\"wp-image-163\" srcset=\"http:\/\/munirecuay.gob.pe\/wp-content\/uploads\/2023\/04\/2023_03_15_mitigacion_lluvias3-980x593.jpg 980w, http:\/\/munirecuay.gob.pe\/wp-content\/uploads\/2023\/04\/2023_03_15_mitigacion_lluvias3-480x291.jpg 480w\" sizes=\"auto, (max-width: 823px) 100vw, 823px\" \/><\/figure>\n\n\n\n<figure class=\"wp-block-image size-large\"><img loading=\"lazy\" decoding=\"async\" width=\"1024\" height=\"620\"  data-id=\"165\" src=\"http:\/\/munirecuay.gob.pe\/wp-content\/uploads\/2023\/04\/2023_03_15_mitigacion_lluvias2-1024x620.jpg\" alt=\"\" class=\"wp-image-165\" srcset=\"http:\/\/munirecuay.gob.pe\/wp-content\/uploads\/2023\/04\/2023_03_15_mitigacion_lluvias2-980x593.jpg 980w, http:\/\/munirecuay.gob.pe\/wp-content\/uploads\/2023\/04\/2023_03_15_mitigacion_lluvias2-480x291.jpg 480w\" sizes=\"auto, (max-width: 823px) 100vw, 823px\" \/><\/figure>\n\n\n\n<figure class=\"wp-block-image size-large\"><img loading=\"lazy\" decoding=\"async\" width=\"844\" height=\"973\"  data-id=\"164\" src=\"http:\/\/munirecuay.gob.pe\/wp-content\/uploads\/2023\/04\/2023_03_15_mitigacion_lluvias.jpg\" alt=\"\" class=\"wp-image-164\" srcset=\"http:\/\/munirecuay.gob.pe\/wp-content\/uploads\/2023\/04\/2023_03_15_mitigacion_lluvias.jpg 844w, http:\/\/munirecuay.gob.pe\/wp-content\/uploads\/2023\/04\/2023_03_15_mitigacion_lluvias-480x553.jpg 480w\" sizes=\"auto, (max-width: 823px) 100vw, 823px\" \/><\/figure>\n<\/figure>\n","protected":false},"excerpt":{"rendered":"<p>DEFENSA CIVIL, TAREA DE TODOSEl LIC. HAROLD RAMIREZ TREJO Alcalde de la Municipalidad Provincial de Recuay y presidente de la Plataforma de Defensa Civil, junto a los funcionarios de la municipalidad vienen tomando acciones inmediatas para mitigar las consecuencias de las precipitaciones pluviales intensas que vienen azotando nuestra provincia, se est\u00e1n tomando acciones urgentes y [&hellip;]<\/p>\n","protected":false},"author":1,"featured_media":0,"comment_status":"closed","ping_status":"open","sticky":false,"template":"","format":"standard","meta":{"_et_pb_use_builder":"","_et_pb_old_content":"","_et_gb_content_width":"","footnotes":""},"categories":[8],"tags":[],"class_list":["post-156","post","type-post","status-publish","format-standard","hentry","category-obras"],"_links":{"self":[{"href":"https:\/\/www.munirecuay.gob.pe\/main\/wp-json\/wp\/v2\/posts\/156","targetHints":{"allow":["GET"]}}],"collection":[{"href":"https:\/\/www.munirecuay.gob.pe\/main\/wp-json\/wp\/v2\/posts"}],"about":[{"href":"https:\/\/www.munirecuay.gob.pe\/main\/wp-json\/wp\/v2\/types\/post"}],"author":[{"embeddable":true,"href":"https:\/\/www.munirecuay.gob.pe\/main\/wp-json\/wp\/v2\/users\/1"}],"replies":[{"embeddable":true,"href":"https:\/\/www.munirecuay.gob.pe\/main\/wp-json\/wp\/v2\/comments?post=156"}],"version-history":[{"count":1,"href":"https:\/\/www.munirecuay.gob.pe\/main\/wp-json\/wp\/v2\/posts\/156\/revisions"}],"predecessor-version":[{"id":166,"href":"https:\/\/www.munirecuay.gob.pe\/main\/wp-json\/wp\/v2\/posts\/156\/revisions\/166"}],"wp:attachment":[{"href":"https:\/\/www.munirecuay.gob.pe\/main\/wp-json\/wp\/v2\/media?parent=156"}],"wp:term":[{"taxonomy":"category","embeddable":true,"href":"https:\/\/www.munirecuay.gob.pe\/main\/wp-json\/wp\/v2\/categories?post=156"},{"taxonomy":"post_tag","embeddable":true,"href":"https:\/\/www.munirecuay.gob.pe\/main\/wp-json\/wp\/v2\/tags?post=156"}],"curies":[{"name":"wp","href":"https:\/\/api.w.org\/{rel}","templated":true}]}}