{"id":171,"date":"2023-03-19T13:01:00","date_gmt":"2023-03-19T18:01:00","guid":{"rendered":"http:\/\/munirecuay.gob.pe\/?p=171"},"modified":"2023-04-04T15:14:39","modified_gmt":"2023-04-04T20:14:39","slug":"gestionado-ayuda-humanitaria-para-los-distritos-de-pampas-chico-y-cotaparaco-ante-el-gobierno-regional-de-ancash","status":"publish","type":"post","link":"https:\/\/www.munirecuay.gob.pe\/main\/gestionado-ayuda-humanitaria-para-los-distritos-de-pampas-chico-y-cotaparaco-ante-el-gobierno-regional-de-ancash\/","title":{"rendered":"Gestionado ayuda humanitaria para los distritos de Pampas Chico y Cotaparaco ante el Gobierno Regional de Ancash"},"content":{"rendered":"\n<p>UNIDOS SOMOS MAS FUERTES<br>El Lic. HAROLD RAMIREZ TREJO Alcalde de la Municipalidad Provincial de Recuay y presidente de la Plataforma de Defensa Civil de Recuay, junto al \u00c1rea de Defensa Civil Provincial y las \u00e1reas competentes han gestionado exitosamente la ayuda humanitaria para los distritos de Pampas Chico y Cotaparaco ante el Gobierno Regional de Ancash.<br>As\u00ed mismo se hizo entrega a los alcaldes del Distrito de Pampas Chico y Cotaparaco para que puedan atender a los afectados a causa de las lluvias intensas que se han producido en estos distritos hermanos.<br>Tambi\u00e9n se contin\u00faa la gesti\u00f3n para apoyar a los dem\u00e1s distrito y a Recuay c\u00f3mo Distrito Capital, en momentos dif\u00edciles seguimos trabajando, porque nuestra provincia nos necesita.<br>A la vez seguimos realizando trabajos para mitigar los efectos de las lluvias intensas en toda la provincia.<br>Unidos Somos m\u00e1s Fuertes<\/p>\n\n\n\n<figure class=\"wp-block-gallery has-nested-images columns-default is-cropped wp-block-gallery-1 is-layout-flex wp-block-gallery-is-layout-flex\">\n<figure class=\"wp-block-image size-large\"><img loading=\"lazy\" decoding=\"async\" width=\"1024\" height=\"733\"  data-id=\"174\" src=\"http:\/\/munirecuay.gob.pe\/wp-content\/uploads\/2023\/04\/2023_03_19_ayuda_humanitaria3-1024x733.jpg\" alt=\"\" class=\"wp-image-174\" srcset=\"http:\/\/munirecuay.gob.pe\/wp-content\/uploads\/2023\/04\/2023_03_19_ayuda_humanitaria3-1024x733.jpg 1024w, http:\/\/munirecuay.gob.pe\/wp-content\/uploads\/2023\/04\/2023_03_19_ayuda_humanitaria3-980x702.jpg 980w, http:\/\/munirecuay.gob.pe\/wp-content\/uploads\/2023\/04\/2023_03_19_ayuda_humanitaria3-480x344.jpg 480w\" sizes=\"auto, (max-width: 823px) 100vw, 823px\" \/><\/figure>\n\n\n\n<figure class=\"wp-block-image size-large\"><img loading=\"lazy\" decoding=\"async\" width=\"1024\" height=\"733\"  data-id=\"172\" src=\"http:\/\/munirecuay.gob.pe\/wp-content\/uploads\/2023\/04\/2023_03_19_ayuda_humanitaria2-1024x733.jpg\" alt=\"\" class=\"wp-image-172\" srcset=\"http:\/\/munirecuay.gob.pe\/wp-content\/uploads\/2023\/04\/2023_03_19_ayuda_humanitaria2-1024x733.jpg 1024w, http:\/\/munirecuay.gob.pe\/wp-content\/uploads\/2023\/04\/2023_03_19_ayuda_humanitaria2-980x702.jpg 980w, http:\/\/munirecuay.gob.pe\/wp-content\/uploads\/2023\/04\/2023_03_19_ayuda_humanitaria2-480x344.jpg 480w\" sizes=\"auto, (max-width: 823px) 100vw, 823px\" \/><\/figure>\n\n\n\n<figure class=\"wp-block-image size-large\"><img loading=\"lazy\" decoding=\"async\" width=\"1024\" height=\"733\"  data-id=\"173\" src=\"http:\/\/munirecuay.gob.pe\/wp-content\/uploads\/2023\/04\/2023_03_19_ayuda_humanitaria-1024x733.jpg\" alt=\"\" class=\"wp-image-173\" srcset=\"http:\/\/munirecuay.gob.pe\/wp-content\/uploads\/2023\/04\/2023_03_19_ayuda_humanitaria-1024x733.jpg 1024w, http:\/\/munirecuay.gob.pe\/wp-content\/uploads\/2023\/04\/2023_03_19_ayuda_humanitaria-980x702.jpg 980w, http:\/\/munirecuay.gob.pe\/wp-content\/uploads\/2023\/04\/2023_03_19_ayuda_humanitaria-480x344.jpg 480w\" sizes=\"auto, (max-width: 823px) 100vw, 823px\" \/><\/figure>\n<\/figure>\n","protected":false},"excerpt":{"rendered":"<p>UNIDOS SOMOS MAS FUERTESEl Lic. HAROLD RAMIREZ TREJO Alcalde de la Municipalidad Provincial de Recuay y presidente de la Plataforma de Defensa Civil de Recuay, junto al \u00c1rea de Defensa Civil Provincial y las \u00e1reas competentes han gestionado exitosamente la ayuda humanitaria para los distritos de Pampas Chico y Cotaparaco ante el Gobierno Regional de [&hellip;]<\/p>\n","protected":false},"author":1,"featured_media":0,"comment_status":"closed","ping_status":"open","sticky":false,"template":"","format":"standard","meta":{"_et_pb_use_builder":"","_et_pb_old_content":"","_et_gb_content_width":"","footnotes":""},"categories":[3],"tags":[],"class_list":["post-171","post","type-post","status-publish","format-standard","hentry","category-noticias"],"_links":{"self":[{"href":"https:\/\/www.munirecuay.gob.pe\/main\/wp-json\/wp\/v2\/posts\/171","targetHints":{"allow":["GET"]}}],"collection":[{"href":"https:\/\/www.munirecuay.gob.pe\/main\/wp-json\/wp\/v2\/posts"}],"about":[{"href":"https:\/\/www.munirecuay.gob.pe\/main\/wp-json\/wp\/v2\/types\/post"}],"author":[{"embeddable":true,"href":"https:\/\/www.munirecuay.gob.pe\/main\/wp-json\/wp\/v2\/users\/1"}],"replies":[{"embeddable":true,"href":"https:\/\/www.munirecuay.gob.pe\/main\/wp-json\/wp\/v2\/comments?post=171"}],"version-history":[{"count":1,"href":"https:\/\/www.munirecuay.gob.pe\/main\/wp-json\/wp\/v2\/posts\/171\/revisions"}],"predecessor-version":[{"id":175,"href":"https:\/\/www.munirecuay.gob.pe\/main\/wp-json\/wp\/v2\/posts\/171\/revisions\/175"}],"wp:attachment":[{"href":"https:\/\/www.munirecuay.gob.pe\/main\/wp-json\/wp\/v2\/media?parent=171"}],"wp:term":[{"taxonomy":"category","embeddable":true,"href":"https:\/\/www.munirecuay.gob.pe\/main\/wp-json\/wp\/v2\/categories?post=171"},{"taxonomy":"post_tag","embeddable":true,"href":"https:\/\/www.munirecuay.gob.pe\/main\/wp-json\/wp\/v2\/tags?post=171"}],"curies":[{"name":"wp","href":"https:\/\/api.w.org\/{rel}","templated":true}]}}