{"id":188,"date":"2023-03-24T13:43:00","date_gmt":"2023-03-24T18:43:00","guid":{"rendered":"http:\/\/munirecuay.gob.pe\/?p=188"},"modified":"2023-04-04T13:45:42","modified_gmt":"2023-04-04T18:45:42","slug":"reunion-con-pro-vias-para-solicitar-el-mantenimiento-de-la-carretera-pativilca-conococha-huaraz-caraz","status":"publish","type":"post","link":"https:\/\/www.munirecuay.gob.pe\/main\/reunion-con-pro-vias-para-solicitar-el-mantenimiento-de-la-carretera-pativilca-conococha-huaraz-caraz\/","title":{"rendered":"Reuni\u00f3n con PRO VIAS para solicitar el mantenimiento de la carretera Pativilca &#8211; Conococha &#8211; Huaraz &#8211; Caraz"},"content":{"rendered":"\n<p>El Alcalde de la Municipalidad Provincial de Recuay Lic HAROLD RAMIREZ TREJO participo de la reuni\u00f3n con PRO VIAS en la ciudad de Lima para tratar y solicitar el mantenimiento de la carretera Pativilca &#8211; Conococha &#8211; Huaraz -Caraz junto a los alcaldes del callej\u00f3n de Huaylas,<br>Las v\u00edas de comunicaci\u00f3n son desarrollo y entendiendo que es necesario y urgente estamos trabajando de forma conjunta.<\/p>\n\n\n\n<figure class=\"wp-block-gallery has-nested-images columns-default is-cropped wp-block-gallery-1 is-layout-flex wp-block-gallery-is-layout-flex\">\n<figure class=\"wp-block-image size-large\"><img loading=\"lazy\" decoding=\"async\" width=\"844\" height=\"973\"  data-id=\"189\" src=\"http:\/\/munirecuay.gob.pe\/wp-content\/uploads\/2023\/04\/2023_03_24_mantenimiento_carretera2.jpg\" alt=\"\" class=\"wp-image-189\" srcset=\"http:\/\/munirecuay.gob.pe\/wp-content\/uploads\/2023\/04\/2023_03_24_mantenimiento_carretera2.jpg 844w, http:\/\/munirecuay.gob.pe\/wp-content\/uploads\/2023\/04\/2023_03_24_mantenimiento_carretera2-480x553.jpg 480w\" sizes=\"auto, (max-width: 823px) 100vw, 823px\" \/><\/figure>\n\n\n\n<figure class=\"wp-block-image size-large\"><img loading=\"lazy\" decoding=\"async\" width=\"1024\" height=\"620\"  data-id=\"190\" src=\"http:\/\/munirecuay.gob.pe\/wp-content\/uploads\/2023\/04\/2023_03_24_mantenimiento_carretera-1024x620.jpg\" alt=\"\" class=\"wp-image-190\" srcset=\"http:\/\/munirecuay.gob.pe\/wp-content\/uploads\/2023\/04\/2023_03_24_mantenimiento_carretera-980x593.jpg 980w, http:\/\/munirecuay.gob.pe\/wp-content\/uploads\/2023\/04\/2023_03_24_mantenimiento_carretera-480x291.jpg 480w\" sizes=\"auto, (max-width: 823px) 100vw, 823px\" \/><\/figure>\n<\/figure>\n","protected":false},"excerpt":{"rendered":"<p>El Alcalde de la Municipalidad Provincial de Recuay Lic HAROLD RAMIREZ TREJO participo de la reuni\u00f3n con PRO VIAS en la ciudad de Lima para tratar y solicitar el mantenimiento de la carretera Pativilca &#8211; Conococha &#8211; Huaraz -Caraz junto a los alcaldes del callej\u00f3n de Huaylas,Las v\u00edas de comunicaci\u00f3n son desarrollo y entendiendo que [&hellip;]<\/p>\n","protected":false},"author":1,"featured_media":0,"comment_status":"closed","ping_status":"open","sticky":false,"template":"","format":"standard","meta":{"_et_pb_use_builder":"","_et_pb_old_content":"","_et_gb_content_width":"","footnotes":""},"categories":[3],"tags":[],"class_list":["post-188","post","type-post","status-publish","format-standard","hentry","category-noticias"],"_links":{"self":[{"href":"https:\/\/www.munirecuay.gob.pe\/main\/wp-json\/wp\/v2\/posts\/188","targetHints":{"allow":["GET"]}}],"collection":[{"href":"https:\/\/www.munirecuay.gob.pe\/main\/wp-json\/wp\/v2\/posts"}],"about":[{"href":"https:\/\/www.munirecuay.gob.pe\/main\/wp-json\/wp\/v2\/types\/post"}],"author":[{"embeddable":true,"href":"https:\/\/www.munirecuay.gob.pe\/main\/wp-json\/wp\/v2\/users\/1"}],"replies":[{"embeddable":true,"href":"https:\/\/www.munirecuay.gob.pe\/main\/wp-json\/wp\/v2\/comments?post=188"}],"version-history":[{"count":1,"href":"https:\/\/www.munirecuay.gob.pe\/main\/wp-json\/wp\/v2\/posts\/188\/revisions"}],"predecessor-version":[{"id":191,"href":"https:\/\/www.munirecuay.gob.pe\/main\/wp-json\/wp\/v2\/posts\/188\/revisions\/191"}],"wp:attachment":[{"href":"https:\/\/www.munirecuay.gob.pe\/main\/wp-json\/wp\/v2\/media?parent=188"}],"wp:term":[{"taxonomy":"category","embeddable":true,"href":"https:\/\/www.munirecuay.gob.pe\/main\/wp-json\/wp\/v2\/categories?post=188"},{"taxonomy":"post_tag","embeddable":true,"href":"https:\/\/www.munirecuay.gob.pe\/main\/wp-json\/wp\/v2\/tags?post=188"}],"curies":[{"name":"wp","href":"https:\/\/api.w.org\/{rel}","templated":true}]}}